{"id":489,"date":"2011-06-28T23:22:07","date_gmt":"2011-06-29T02:22:07","guid":{"rendered":"http:\/\/charlespennaforte.pro.br\/portal\/?p=489"},"modified":"2011-06-29T16:45:19","modified_gmt":"2011-06-29T19:45:19","slug":"grcia-e-o-fmi-atestado-de-bito-pronto","status":"publish","type":"post","link":"https:\/\/charlespennaforte.pro.br\/?p=489","title":{"rendered":"Gr&eacute;cia e o FMI: atestado de &oacute;bito pronto"},"content":{"rendered":"<p style=\"text-align: center;\"><img loading=\"lazy\" decoding=\"async\" class=\"aligncenter\" src=\"http:\/\/cduarouca.files.wordpress.com\/2011\/03\/grecia_fmi-1.jpg\" alt=\"\" width=\"365\" height=\"301\" \/><\/p>\n<p>E o \u201cMercado\u201d internacional ficou feliz com a possibilidade da Gr\u00e9cia aceitar os termos do FMI para o empr\u00e9stimo &#8220;salvador&#8221;. Mas, certamente os que sofrer\u00e3o os efeitos do acordo n\u00e3o ficar\u00e3o felizes. Afinal, quem deseja o desemprego, pagar mais impostos, passar fome e at\u00e9 mesmo virar mendigo? Mas estes ser\u00e3o os efeitos de mais um acordo patrocinado por essa instiui\u00e7\u00e3o abjeta do capitalismo internacional chamada FMI. O\u00a0 acr\u00f4nimo seria perfeito assim: <strong>F<\/strong>ome e <strong>M<\/strong>is\u00e9ria <strong>I<\/strong>nternacional.<\/p>\n<p>A Gr\u00e9cia est\u00e1 virtualmente morta e enterrada. Dentro dos atuais marcos econ\u00f4micos, o pa\u00eds de S\u00f3crates e P\u00e9ricles sucumbiu. N\u00e3o foram os persas com Dario que derrotaram\u00a0 os gregos mas,\u00a0 a fal\u00e1cia do capitalismo e a especula\u00e7\u00e3o. O para\u00edso da Uni\u00e3o Europeia mostrou-se um pesadelo. Agora, a Gr\u00e9cia compra sua passagem de volta para um passado nada agrad\u00e1vel.<\/p>\n<p>Adeus ao status de \u201ceuropeus de primeira classe\u201d.\u00a0 Juntamente com os portugueses e espanh\u00f3is at\u00e9 os anos 1980, os gregos n\u00e3o eram considerados cidad\u00e3os\u00a0 do primeiro escal\u00e3o no jogo europeu. Fazendo uma compara\u00e7\u00e3o atual, os cidad\u00e3os dos tr\u00eas pa\u00edses estariam mais para os albaneses e b\u00falgaros do que para os franceses e alem\u00e3es. Com a entrada na Uni\u00e3o Europeia tudo mudou&#8230;<\/p>\n<p style=\"text-align: center;\"><img loading=\"lazy\" decoding=\"async\" class=\"aligncenter\" style=\"display: block; float: none; margin-left: auto; margin-right: auto;\" src=\"http:\/\/neccint.files.wordpress.com\/2011\/03\/crise-grega1.jpg?w=355\" alt=\"\" width=\"249\" height=\"280\" \/><\/p>\n<p>Mas, realmente n\u00e3o h\u00e1 sa\u00edda para a Gr\u00e9cia? Dentro da Uni\u00e3o Europeia, n\u00e3o. A \u00fanica solu\u00e7\u00e3o seria o <em>default <\/em>(morat\u00f3ria), sair da Zona do Euro e aguardar alguns anos para voltar a negociar os saldo devedor. Ao mesmo tempo, cortar os gastos de maneira \u201cs\u00e1bia\u201d, ou seja: sem matar a galinha. Certamente h\u00e1 gastos para serem cortados mas n\u00e3o com a sanha assassina do FMI. Essa hist\u00f3ria lembra\u00a0 a Argentina\u2026<\/p>\n<p>Essa \u00e9 uma an\u00e1lise para o gregos e somente para eles. Ao \u2018Mercado\u201d que diminua um pouco a sua sanha por sangue, por enquanto\u2026.<\/p>\n","protected":false},"excerpt":{"rendered":"<p>E o \u201cMercado\u201d internacional ficou feliz com a possibilidade da Gr\u00e9cia aceitar os termos do FMI para o empr\u00e9stimo &#8220;salvador&#8221;. Mas, certamente os que sofrer\u00e3o os efeitos do acordo n\u00e3o ficar\u00e3o felizes. Afinal, quem deseja o desemprego, pagar mais impostos, passar fome e at\u00e9 mesmo virar mendigo? Mas estes ser\u00e3o os efeitos de mais um acordo patrocinado por essa instiui\u00e7\u00e3o abjeta do capitalismo internacional chamada FMI. O\u00a0 acr\u00f4nimo seria perfeito assim: Fome e Mis\u00e9ria Internacional. A Gr\u00e9cia est\u00e1 virtualmente morta e enterrada. Dentro dos atuais marcos econ\u00f4micos, o pa\u00eds de S\u00f3crates e P\u00e9ricles sucumbiu. N\u00e3o foram os persas com Dario que derrotaram\u00a0 os gregos mas,\u00a0 a fal\u00e1cia do capitalismo e a especula\u00e7\u00e3o. O para\u00edso da Uni\u00e3o Europeia mostrou-se um pesadelo. Agora, a Gr\u00e9cia compra sua passagem de volta para um passado nada agrad\u00e1vel. Adeus ao status de \u201ceuropeus de primeira classe\u201d.\u00a0 Juntamente com os portugueses e espanh\u00f3is at\u00e9 os anos 1980, os gregos n\u00e3o eram considerados cidad\u00e3os\u00a0 do primeiro escal\u00e3o no jogo europeu. Fazendo uma compara\u00e7\u00e3o atual, os cidad\u00e3os dos tr\u00eas pa\u00edses estariam mais para os albaneses e b\u00falgaros do que para os franceses e alem\u00e3es. Com a entrada na Uni\u00e3o Europeia tudo mudou&#8230; Mas, realmente n\u00e3o h\u00e1 sa\u00edda para a Gr\u00e9cia? Dentro da Uni\u00e3o Europeia, n\u00e3o. A \u00fanica solu\u00e7\u00e3o seria o default (morat\u00f3ria), sair da Zona do Euro e aguardar alguns anos para voltar a negociar os saldo devedor. Ao mesmo tempo, cortar os gastos de maneira \u201cs\u00e1bia\u201d, ou seja: sem matar a galinha. Certamente h\u00e1 gastos para serem cortados mas n\u00e3o com a sanha assassina do FMI. Essa hist\u00f3ria lembra\u00a0 a Argentina\u2026 Essa \u00e9 uma an\u00e1lise para o gregos e somente para eles. Ao \u2018Mercado\u201d que diminua um pouco a sua sanha por sangue, por enquanto\u2026.<\/p>\n","protected":false},"author":1,"featured_media":0,"comment_status":"open","ping_status":"open","sticky":false,"template":"","format":"standard","meta":{"footnotes":""},"categories":[1],"tags":[25,27,24],"class_list":["post-489","post","type-post","status-publish","format-standard","hentry","category-primeira-pagina","tag-crise-do-capitalismo","tag-economia-capitalista","tag-economia-mundial"],"_links":{"self":[{"href":"https:\/\/charlespennaforte.pro.br\/index.php?rest_route=\/wp\/v2\/posts\/489","targetHints":{"allow":["GET"]}}],"collection":[{"href":"https:\/\/charlespennaforte.pro.br\/index.php?rest_route=\/wp\/v2\/posts"}],"about":[{"href":"https:\/\/charlespennaforte.pro.br\/index.php?rest_route=\/wp\/v2\/types\/post"}],"author":[{"embeddable":true,"href":"https:\/\/charlespennaforte.pro.br\/index.php?rest_route=\/wp\/v2\/users\/1"}],"replies":[{"embeddable":true,"href":"https:\/\/charlespennaforte.pro.br\/index.php?rest_route=%2Fwp%2Fv2%2Fcomments&post=489"}],"version-history":[{"count":5,"href":"https:\/\/charlespennaforte.pro.br\/index.php?rest_route=\/wp\/v2\/posts\/489\/revisions"}],"predecessor-version":[{"id":494,"href":"https:\/\/charlespennaforte.pro.br\/index.php?rest_route=\/wp\/v2\/posts\/489\/revisions\/494"}],"wp:attachment":[{"href":"https:\/\/charlespennaforte.pro.br\/index.php?rest_route=%2Fwp%2Fv2%2Fmedia&parent=489"}],"wp:term":[{"taxonomy":"category","embeddable":true,"href":"https:\/\/charlespennaforte.pro.br\/index.php?rest_route=%2Fwp%2Fv2%2Fcategories&post=489"},{"taxonomy":"post_tag","embeddable":true,"href":"https:\/\/charlespennaforte.pro.br\/index.php?rest_route=%2Fwp%2Fv2%2Ftags&post=489"}],"curies":[{"name":"wp","href":"https:\/\/api.w.org\/{rel}","templated":true}]}}