{"id":239,"date":"2010-11-05T06:13:00","date_gmt":"2010-11-05T09:13:00","guid":{"rendered":"http:\/\/charlespennaforte.pro.br\/portal\/?p=239"},"modified":"2010-11-05T18:31:40","modified_gmt":"2010-11-05T21:31:40","slug":"ser-maioria-o-grande-pecado-do-governo","status":"publish","type":"post","link":"https:\/\/charlespennaforte.pro.br\/?p=239","title":{"rendered":"Ser &#8220;Maioria&#8221;:  &eacute; o grande &#8220;pecado&#8221; do governo de Dilma Roussef"},"content":{"rendered":"<p style=\"text-align: center;\"><img loading=\"lazy\" decoding=\"async\" class=\"aligncenter\" src=\"http:\/\/www.redebrasilatual.com.br\/multimidia\/albuns-de-fotos\/imagens-da-semana-25-a-31-de-outubro\/dilma_1.jpg\/image_large\" alt=\"\" width=\"420\" height=\"127\" \/><\/p>\n<p>Como j\u00e1 salientei, Dilma governar\u00e1 com o Congresso Nacional totalmente favor\u00e1vel. Obter a maioria em qualquer pa\u00eds civilizado \u00e9 algo fundamental para a implementa\u00e7\u00e3o das pol\u00edticas do governo.<\/p>\n<p>MAS, no Brasil transformou-se\u00a0 \u00e9 um grande \u201cpecado\u201d.\u00a0 A m\u00eddia conservadora j\u00e1 est\u00e1 come\u00e7ando a espalhar o \u201cperigo\u201d do governo ter a MAIORIA.\u00a0 Segundo o pensamento conservador, o PT tem um &#8220;cheque em branco&#8221; para fazer o quiser como se estiv\u00e9ssemos em uma ditadura.<\/p>\n<p>Ser \u201cminoria\u201d para a oposi\u00e7\u00e3o \u00e9 n\u00e3o ter o direito de instalar CPIs (louv\u00e1veis quando objeitvo n\u00e3o \u00e9 meramente o pol\u00edtico), a grande \u201carma\u201d que ela possui. Contudo, para mim a situa\u00e7\u00e3o est\u00e1 realmente preta quando a \u00fanica forma de fazer pol\u00edtica \u00e9 atrav\u00e9s das CPIs. Talvez resida a\u00ed, o fracasso de mais de uma d\u00e9cada do PSDB e da ARENA (DEM).<\/p>\n<p>Os alarmistas n\u00e3o deveriam esquecer que foram os eleitores ( &#8220;esc\u00f3ria&#8221; para a nossa classe m\u00e9dia crist\u00e3) \u00a0que proporcionarm essa base favor\u00e1vel ao governo de Dilma Roussef. A \u201cmaioria\u201d conquistada deve ser vista como a capacidade do governo ter obtido resultados concretos sociais e econ\u00f4micos.<\/p>\n<p>A oposi\u00e7\u00e3o deve se preocupar em abandonar os preconceitos\u00a0 coloniais contra as camadas mais pobres e ver o Brasil n\u00e3o sob o olhar nova-iorquino, mas atrav\u00e9s das paisagens do Sert\u00e3o e das cidades nordestinas.<\/p>\n","protected":false},"excerpt":{"rendered":"<p>Como j\u00e1 salientei, Dilma governar\u00e1 com o Congresso Nacional totalmente favor\u00e1vel. Obter a maioria em qualquer pa\u00eds civilizado \u00e9 algo fundamental para a implementa\u00e7\u00e3o das pol\u00edticas do governo. MAS, no Brasil transformou-se\u00a0 \u00e9 um grande \u201cpecado\u201d.\u00a0 A m\u00eddia conservadora j\u00e1 est\u00e1 come\u00e7ando a espalhar o \u201cperigo\u201d do governo ter a MAIORIA.\u00a0 Segundo o pensamento conservador, o PT tem um &#8220;cheque em branco&#8221; para fazer o quiser como se estiv\u00e9ssemos em uma ditadura. Ser \u201cminoria\u201d para a oposi\u00e7\u00e3o \u00e9 n\u00e3o ter o direito de instalar CPIs (louv\u00e1veis quando objeitvo n\u00e3o \u00e9 meramente o pol\u00edtico), a grande \u201carma\u201d que ela possui. Contudo, para mim a situa\u00e7\u00e3o est\u00e1 realmente preta quando a \u00fanica forma de fazer pol\u00edtica \u00e9 atrav\u00e9s das CPIs. Talvez resida a\u00ed, o fracasso de mais de uma d\u00e9cada do PSDB e da ARENA (DEM). Os alarmistas n\u00e3o deveriam esquecer que foram os eleitores ( &#8220;esc\u00f3ria&#8221; para a nossa classe m\u00e9dia crist\u00e3) \u00a0que proporcionarm essa base favor\u00e1vel ao governo de Dilma Roussef. A \u201cmaioria\u201d conquistada deve ser vista como a capacidade do governo ter obtido resultados concretos sociais e econ\u00f4micos. A oposi\u00e7\u00e3o deve se preocupar em abandonar os preconceitos\u00a0 coloniais contra as camadas mais pobres e ver o Brasil n\u00e3o sob o olhar nova-iorquino, mas atrav\u00e9s das paisagens do Sert\u00e3o e das cidades nordestinas.<\/p>\n","protected":false},"author":1,"featured_media":0,"comment_status":"open","ping_status":"open","sticky":false,"template":"","format":"standard","meta":{"footnotes":""},"categories":[1],"tags":[7,9],"class_list":["post-239","post","type-post","status-publish","format-standard","hentry","category-primeira-pagina","tag-brasil","tag-eleicoes-2010"],"_links":{"self":[{"href":"https:\/\/charlespennaforte.pro.br\/index.php?rest_route=\/wp\/v2\/posts\/239","targetHints":{"allow":["GET"]}}],"collection":[{"href":"https:\/\/charlespennaforte.pro.br\/index.php?rest_route=\/wp\/v2\/posts"}],"about":[{"href":"https:\/\/charlespennaforte.pro.br\/index.php?rest_route=\/wp\/v2\/types\/post"}],"author":[{"embeddable":true,"href":"https:\/\/charlespennaforte.pro.br\/index.php?rest_route=\/wp\/v2\/users\/1"}],"replies":[{"embeddable":true,"href":"https:\/\/charlespennaforte.pro.br\/index.php?rest_route=%2Fwp%2Fv2%2Fcomments&post=239"}],"version-history":[{"count":9,"href":"https:\/\/charlespennaforte.pro.br\/index.php?rest_route=\/wp\/v2\/posts\/239\/revisions"}],"predecessor-version":[{"id":253,"href":"https:\/\/charlespennaforte.pro.br\/index.php?rest_route=\/wp\/v2\/posts\/239\/revisions\/253"}],"wp:attachment":[{"href":"https:\/\/charlespennaforte.pro.br\/index.php?rest_route=%2Fwp%2Fv2%2Fmedia&parent=239"}],"wp:term":[{"taxonomy":"category","embeddable":true,"href":"https:\/\/charlespennaforte.pro.br\/index.php?rest_route=%2Fwp%2Fv2%2Fcategories&post=239"},{"taxonomy":"post_tag","embeddable":true,"href":"https:\/\/charlespennaforte.pro.br\/index.php?rest_route=%2Fwp%2Fv2%2Ftags&post=239"}],"curies":[{"name":"wp","href":"https:\/\/api.w.org\/{rel}","templated":true}]}}