{"id":138,"date":"2010-09-26T18:06:48","date_gmt":"2010-09-26T21:06:48","guid":{"rendered":"http:\/\/charlespennaforte.pro.br\/portal\/?p=138"},"modified":"2010-10-16T20:12:41","modified_gmt":"2010-10-16T23:12:41","slug":"o-suspiro-da-direita-a-falacia-da-%e2%80%9cimprensa-livre%e2%80%9d","status":"publish","type":"post","link":"https:\/\/charlespennaforte.pro.br\/?p=138","title":{"rendered":"O SUSPIRO DA DIREITA: A FAL\u00c1CIA DA \u201cIMPRENSA LIVRE\u201d"},"content":{"rendered":"<p><img loading=\"lazy\" decoding=\"async\" class=\"alignleft size-medium wp-image-152\" style=\"border: 2px solid black; margin: 7px;\" title=\"Isso \u00e9 imprensa imparcial?\" src=\"http:\/\/charlespennaforte.pro.br\/portal\/wp-content\/uploads\/2010\/09\/veja_mentira1-237x300.jpg\" alt=\"Isso \u00e9 imprensa imparcial?\" width=\"196\" height=\"246\" \/>As \u00faltimas semanas foram marcadas pelo desespero da \u201cgrande m\u00eddia\u201d brasileira. Abandonando a sua tradicional ret\u00f3rica de \u201cimparcialidade\u201d, a revista Veja e a Folha de SP, por exemplo, passaram a exercer o direito democr\u00e1tico de defender um candidato \u00e0 presid\u00eancia.<\/p>\n<p>Nos EUA \u00e9 assim: cada jornal assume claramente a sua candidatura e toca o barco. Aqui, a neodireita tem vergonha de assumir as suas posi\u00e7\u00f5es e se esconde sobre uma \u201cimparcialidade\u201d que jamais existiu ou existir\u00e1.<\/p>\n<p>A \u201cgrande m\u00eddia\u201d sempre quis vender a imagem de \u201cisenta\u201d e \u201cimparcial\u201d, algo que \u00e9 imposs\u00edvel no Capitalismo. Como ser isenta e imparcial \u00a0se o que est\u00e1 em jogo \u00e9 o lucro e as benesses do poder? Tem dono? N\u00e3o pode ser imparcial.<\/p>\n<p>Todas as pessoas com mais de 30 anos se lembram da arma\u00e7\u00e3o feita por Roberto Marinho em 1989 contra o quase eleito Lu\u00eds In\u00e1cio Lula da Silva. Onde estava a imparcialidade? Onde estava a vontade do povo?<\/p>\n<p>Onde, tamb\u00e9m, estavam os \u201cguardi\u00f5es da liberdade\u201d no processo de privatiza\u00e7\u00e3o ign\u00f3bil e esp\u00fario de v\u00e1rias estatais do per\u00edodo FHC? O Brasil foi lesado&#8230; Fizeram a sua Cruzada pela moralidade? N\u00e3o. E a compra dos votos para reelei\u00e7\u00e3o? Uma das coisas mais sujas da hist\u00f3ria desse pa\u00eds.<\/p>\n<p>O tal Mensal\u00e3o n\u00e3o foi inciado no governo petista. J\u00e1 existia no governo mineiro de Eduardo Azeredo (PSDB). As provas est\u00e3o com a Justi\u00e7a. Isso foi mencionado? Claro que n\u00e3o. A rela\u00e7\u00e3o da \u201cimprensa livre\u201d com o PSDB sempre foi muiro boa, obrigado.<\/p>\n<p>E o vazamento de dados pela empresa da filha do Serra de 60 milh\u00f5es de pessoas, denunciada pela CartaCapital h\u00e1 15 dias? S\u00f3 vale esc\u00e2ndalo para o PT.<\/p>\n<p>Afinal, FHC e a ARENA, perd\u00e3o, o DEM, eram aliados e a \u201cimprensa livre\u201d amealhava grandes lucros. Agora a coisa mudou. Eles est\u00e3o fora da \u201cboquinha\u201d, da\u00ed o \u00f3dio e o rancor.<\/p>\n<p style=\"text-align: center;\"><img loading=\"lazy\" decoding=\"async\" class=\"size-medium wp-image-154 aligncenter\" style=\"border: 2px solid black;\" title=\"A Folha achou que a Ditadura foi &quot;Ditabranda&quot;\" src=\"http:\/\/charlespennaforte.pro.br\/portal\/wp-content\/uploads\/2010\/09\/1_FOLHA_DIT-300x277.jpg\" alt=\"A Folha achou que a Ditadura foi &quot;Ditabranda&quot;\" width=\"225\" height=\"207\" srcset=\"https:\/\/charlespennaforte.pro.br\/wp-content\/uploads\/2010\/09\/1_FOLHA_DIT-300x277.jpg 300w, https:\/\/charlespennaforte.pro.br\/wp-content\/uploads\/2010\/09\/1_FOLHA_DIT.jpg 320w\" sizes=\"auto, (max-width: 225px) 100vw, 225px\" \/><\/p>\n<p><strong>UM \u201cPA\u00cdS DE RETARDADOS\u201d<\/strong><\/p>\n<p>A ideia vendida pelos \u201cguardi\u00f5es da liberdade\u201d (deles, diga-se de passagem) \u00e9 de que a popula\u00e7\u00e3o que ap\u00f3ia a candidata governista receber\u00e1 votos de \u201cretardados\u201d.<\/p>\n<p>Segundo a Veja, a Folha e a \u201cgrande imprensa\u201d, \u00a0n\u00e3o h\u00e1 o menor motivo para manter o PT no poder. Por qu\u00ea? Porque para eles o crescimento econ\u00f4mico, a ascens\u00e3o social, o aumento real do sal\u00e1rio, a possibilidade da casa pr\u00f3pria, o emprego etc, etc, etc, \u00e9 perda de tempo. Isso, para eles, n\u00e3o \u00e9 motivo.<\/p>\n<p>Aos pobres caberia somente o sofrimento de conseguir comer o m\u00ednimo necess\u00e1rio e trabalhar por uma ninharia.<\/p>\n<p>Se ocorreu alguma &#8220;melhora&#8221; o respons\u00e1vel na mente rancorosa da neodireita, foi FHC com a sua \u201cpol\u00edtica econ\u00f4mica\u201d Na realidade, um Deus no Olimpo direitista e neodireitista. Ele fez e ainda faz tudo pelo Brasil.<\/p>\n<p>Chegaram ao c\u00famulo de dizer que manter o c\u00e2mbio flutuante \u00e9 manter a \u201cpol\u00edtica econ\u00f4mica\u201d de FHC. Senhores, pelo amor de Deus. S\u00f3 acredita nisso os ing\u00eanuos. O processo \u00e9 mais complexo. Ali\u00e1s, manter o que n\u00e3o tinha? N\u00e3o tinha pol\u00edtica industrial, de consumo, de desenvolvimento etc.<\/p>\n<p>O fato \u00e9 que o Governo Lula n\u00e3o existe. Nada foi feito pelo seu governo, mas sim pelo Governo FHC. Este maravilhoso per\u00edodo da hist\u00f3ria brasileira. Tudo, absolutamente tudo teve origem no per\u00edodo FHC.<\/p>\n<p>Mas por que ele n\u00e3o aparece no programa do Serra?<\/p>\n<p><strong>ACUADOS NA CASA GRANDE<\/strong><\/p>\n<p>O que estamos observando \u00e9 o decl\u00ednio contumaz da direita brasileira que durante os \u00faltimos 502 anos manteve a popula\u00e7\u00e3o na senzala, como alguns esparmos de caridade.<\/p>\n<p>Contudo, a Aboli\u00e7\u00e3o chegou e est\u00e1 se consolidando. Isso explica o desespero da imprensa golpista brasileira. Ela tentar subverter a ordem do processo em marcha no Brasil, chamando 80 % da popula\u00e7\u00e3o de idiota, desqualficada, ignorantes etc. Tudo isso de maneira sublimada e, em alguns casos, at\u00e9 com requinte.<\/p>\n<p>A retumbante derrota da direita envergonhada e da neodireita, demonstra que o tempo da demagogia e dos neg\u00f3cios pr\u00f3prios acabou. Isso \u00e9 o pano de fundo da \u201coposi\u00e7\u00e3o\u201d brasileira: \u201cN\u00e3o \u00e9 justo que o PT fique roubando por tanto tempo. Esse espa\u00e7o \u00e9 nosso\u201d.<\/p>\n<p>A esquizofrenia direitista chegou ao seu cl\u00edmax com o \u201cperigo de uma Ditadura\u201d no Brasil. \u00c9 poss\u00edvel algu\u00e9m ou um org\u00e3o s\u00e9rio propalar tamanhos improp\u00e9rios? \u201cDitadura\u201d? O que n\u00f3s sabemos \u00e9 que a Folha de SP publicou uma vez que a nossa ditadura militar foi uma \u201cditabranda\u201d.<\/p>\n<p>Depois confundiram (de prop\u00f3sito \u00e9 claro) a indigna\u00e7\u00e3o do governo (as declara\u00e7\u00f5es de Lula contra a &#8220;overdose homeotp\u00e1tica&#8221; de esc\u00e2ndalos) com \u201ccerceamento da liberdade de imprensa\u201d. Como se existisse uma \u201cimprensa impacial e livre\u201d no Brasil. Cabe a Veja, o trabalho sujo de ludibriar os seus desinformados leitores: inventar a \u201cditadura\u201d, o \u201ctotalitarismo\u201d, os \u201cgulags\u201d etc. E o pessoal passa a repetir a mesma ladainha nas conversas&#8230;<\/p>\n<p>Agora, os jarg\u00f5es populares s\u00e3o repetidos em algumas mans\u00f5es de que a \u201cmaioria \u00e9 burra\u201d&#8230; mas a minoria \u00e9 \u201cinteligente\u201d, \u00e9 claro. Pegam ao p\u00e9-da-letra, algo que por si s\u00f3 \u00e9 d\u00fabio. Por exemplo: voc\u00ea \u00e9 um p\u00e9ssimo cantor e \u00e9 avaliado por cinco jurados. Os cinco jurados te reprovam por sua p\u00e9ssima voz. O seu conforto est\u00e1 garantido pela m\u00e1xima de Nelson Rodrigues: \u201cToda maioria \u00e9 burra\u201d. A\u00ed, voc\u00ea vai dormir tranquilo pensando que \u00e9 Frank Sinatra.<\/p>\n<p><strong>UMA LI\u00c7\u00c3O<\/strong><\/p>\n<p>A principal li\u00e7\u00e3o a ser tirada do atual processo de desespero da direita e da neodireita brasileira \u00e9 que elas est\u00e3o perdendo definitivamente o poder obtido h\u00e1 mais de 500 anos. Nem mesmo, o oportunismo \u201cescandol\u00f3gico\u201d permitiu alterar o quadro eleitoral apesar da esquizofrenia da Veja.<\/p>\n<p>O \u00fanico perigo de \u201cditadura\u201d \u00e9 o da imprensa que vende uma imagem que n\u00e3o existe e nunca vai existir\u00e1. \u201cImparcial\u201d? \u201cLivre\u201d? Eu acredito em Papai Noel.<\/p>\n<p>Se a imprensa vai ficar dizendo que \u00e9 \u201cimpacial\u201d que seja realmente na pr\u00e1tica e que n\u00e3o vire um partido pol\u00edtico como \u00e9 hoje.<\/p>\n<p>Folha de SP, O Globo (nunca li), Veja, Estad\u00e3o? Nem pensar. Prefiro n\u00e3o ler.<\/p>\n","protected":false},"excerpt":{"rendered":"<p>As \u00faltimas semanas foram marcadas pelo desespero da \u201cgrande m\u00eddia\u201d brasileira. Abandonando a sua tradicional ret\u00f3rica de \u201cimparcialidade\u201d, a revista Veja e a Folha de SP, por exemplo, passaram a exercer o direito democr\u00e1tico de defender um candidato \u00e0 presid\u00eancia. Nos EUA \u00e9 assim: cada jornal assume claramente a sua candidatura e toca o barco. Aqui, a neodireita tem vergonha de assumir as suas posi\u00e7\u00f5es e se esconde sobre uma \u201cimparcialidade\u201d que jamais existiu ou existir\u00e1. A \u201cgrande m\u00eddia\u201d sempre quis vender a imagem de \u201cisenta\u201d e \u201cimparcial\u201d, algo que \u00e9 imposs\u00edvel no Capitalismo. Como ser isenta e imparcial \u00a0se o que est\u00e1 em jogo \u00e9 o lucro e as benesses do poder? Tem dono? N\u00e3o pode ser imparcial. Todas as pessoas com mais de 30 anos se lembram da arma\u00e7\u00e3o feita por Roberto Marinho em 1989 contra o quase eleito Lu\u00eds In\u00e1cio Lula da Silva. Onde estava a imparcialidade? Onde estava a vontade do povo? Onde, tamb\u00e9m, estavam os \u201cguardi\u00f5es da liberdade\u201d no processo de privatiza\u00e7\u00e3o ign\u00f3bil e esp\u00fario de v\u00e1rias estatais do per\u00edodo FHC? O Brasil foi lesado&#8230; Fizeram a sua Cruzada pela moralidade? N\u00e3o. E a compra dos votos para reelei\u00e7\u00e3o? Uma das coisas mais sujas da hist\u00f3ria desse pa\u00eds. O tal Mensal\u00e3o n\u00e3o foi inciado no governo petista. J\u00e1 existia no governo mineiro de Eduardo Azeredo (PSDB). As provas est\u00e3o com a Justi\u00e7a. Isso foi mencionado? Claro que n\u00e3o. A rela\u00e7\u00e3o da \u201cimprensa livre\u201d com o PSDB sempre foi muiro boa, obrigado. E o vazamento de dados pela empresa da filha do Serra de 60 milh\u00f5es de pessoas, denunciada pela CartaCapital h\u00e1 15 dias? S\u00f3 vale esc\u00e2ndalo para o PT. Afinal, FHC e a ARENA, perd\u00e3o, o DEM, eram aliados e a \u201cimprensa livre\u201d amealhava grandes lucros. Agora a coisa mudou. Eles est\u00e3o fora da \u201cboquinha\u201d, da\u00ed o \u00f3dio e o rancor. UM \u201cPA\u00cdS DE RETARDADOS\u201d A ideia vendida pelos \u201cguardi\u00f5es da liberdade\u201d (deles, diga-se de passagem) \u00e9 de que a popula\u00e7\u00e3o que ap\u00f3ia a candidata governista receber\u00e1 votos de \u201cretardados\u201d. Segundo a Veja, a Folha e a \u201cgrande imprensa\u201d, \u00a0n\u00e3o h\u00e1 o menor motivo para manter o PT no poder. Por qu\u00ea? Porque para eles o crescimento econ\u00f4mico, a ascens\u00e3o social, o aumento real do sal\u00e1rio, a possibilidade da casa pr\u00f3pria, o emprego etc, etc, etc, \u00e9 perda de tempo. Isso, para eles, n\u00e3o \u00e9 motivo. Aos pobres caberia somente o sofrimento de conseguir comer o m\u00ednimo necess\u00e1rio e trabalhar por uma ninharia. Se ocorreu alguma &#8220;melhora&#8221; o respons\u00e1vel na mente rancorosa da neodireita, foi FHC com a sua \u201cpol\u00edtica econ\u00f4mica\u201d Na realidade, um Deus no Olimpo direitista e neodireitista. Ele fez e ainda faz tudo pelo Brasil. Chegaram ao c\u00famulo de dizer que manter o c\u00e2mbio flutuante \u00e9 manter a \u201cpol\u00edtica econ\u00f4mica\u201d de FHC. Senhores, pelo amor de Deus. S\u00f3 acredita nisso os ing\u00eanuos. O processo \u00e9 mais complexo. Ali\u00e1s, manter o que n\u00e3o tinha? N\u00e3o tinha pol\u00edtica industrial, de consumo, de desenvolvimento etc. O fato \u00e9 que o Governo Lula n\u00e3o existe. Nada foi feito pelo seu governo, mas sim pelo Governo FHC. Este maravilhoso per\u00edodo da hist\u00f3ria brasileira. Tudo, absolutamente tudo teve origem no per\u00edodo FHC. Mas por que ele n\u00e3o aparece no programa do Serra? ACUADOS NA CASA GRANDE O que estamos observando \u00e9 o decl\u00ednio contumaz da direita brasileira que durante os \u00faltimos 502 anos manteve a popula\u00e7\u00e3o na senzala, como alguns esparmos de caridade. Contudo, a Aboli\u00e7\u00e3o chegou e est\u00e1 se consolidando. Isso explica o desespero da imprensa golpista brasileira. Ela tentar subverter a ordem do processo em marcha no Brasil, chamando 80 % da popula\u00e7\u00e3o de idiota, desqualficada, ignorantes etc. Tudo isso de maneira sublimada e, em alguns casos, at\u00e9 com requinte. A retumbante derrota da direita envergonhada e da neodireita, demonstra que o tempo da demagogia e dos neg\u00f3cios pr\u00f3prios acabou. Isso \u00e9 o pano de fundo da \u201coposi\u00e7\u00e3o\u201d brasileira: \u201cN\u00e3o \u00e9 justo que o PT fique roubando por tanto tempo. Esse espa\u00e7o \u00e9 nosso\u201d. A esquizofrenia direitista chegou ao seu cl\u00edmax com o \u201cperigo de uma Ditadura\u201d no Brasil. \u00c9 poss\u00edvel algu\u00e9m ou um org\u00e3o s\u00e9rio propalar tamanhos improp\u00e9rios? \u201cDitadura\u201d? O que n\u00f3s sabemos \u00e9 que a Folha de SP publicou uma vez que a nossa ditadura militar foi uma \u201cditabranda\u201d. Depois confundiram (de prop\u00f3sito \u00e9 claro) a indigna\u00e7\u00e3o do governo (as declara\u00e7\u00f5es de Lula contra a &#8220;overdose homeotp\u00e1tica&#8221; de esc\u00e2ndalos) com \u201ccerceamento da liberdade de imprensa\u201d. Como se existisse uma \u201cimprensa impacial e livre\u201d no Brasil. Cabe a Veja, o trabalho sujo de ludibriar os seus desinformados leitores: inventar a \u201cditadura\u201d, o \u201ctotalitarismo\u201d, os \u201cgulags\u201d etc. E o pessoal passa a repetir a mesma ladainha nas conversas&#8230; Agora, os jarg\u00f5es populares s\u00e3o repetidos em algumas mans\u00f5es de que a \u201cmaioria \u00e9 burra\u201d&#8230; mas a minoria \u00e9 \u201cinteligente\u201d, \u00e9 claro. Pegam ao p\u00e9-da-letra, algo que por si s\u00f3 \u00e9 d\u00fabio. Por exemplo: voc\u00ea \u00e9 um p\u00e9ssimo cantor e \u00e9 avaliado por cinco jurados. Os cinco jurados te reprovam por sua p\u00e9ssima voz. O seu conforto est\u00e1 garantido pela m\u00e1xima de Nelson Rodrigues: \u201cToda maioria \u00e9 burra\u201d. A\u00ed, voc\u00ea vai dormir tranquilo pensando que \u00e9 Frank Sinatra. UMA LI\u00c7\u00c3O A principal li\u00e7\u00e3o a ser tirada do atual processo de desespero da direita e da neodireita brasileira \u00e9 que elas est\u00e3o perdendo definitivamente o poder obtido h\u00e1 mais de 500 anos. Nem mesmo, o oportunismo \u201cescandol\u00f3gico\u201d permitiu alterar o quadro eleitoral apesar da esquizofrenia da Veja. O \u00fanico perigo de \u201cditadura\u201d \u00e9 o da imprensa que vende uma imagem que n\u00e3o existe e nunca vai existir\u00e1. \u201cImparcial\u201d? \u201cLivre\u201d? Eu acredito em Papai Noel. Se a imprensa vai ficar dizendo que \u00e9 \u201cimpacial\u201d que seja realmente na pr\u00e1tica e que n\u00e3o vire um partido pol\u00edtico como \u00e9 hoje. Folha de SP, O Globo (nunca li), Veja, Estad\u00e3o? Nem pensar. Prefiro n\u00e3o ler.<\/p>\n","protected":false},"author":1,"featured_media":0,"comment_status":"closed","ping_status":"closed","sticky":false,"template":"","format":"standard","meta":{"footnotes":""},"categories":[1],"tags":[7,9,8],"class_list":["post-138","post","type-post","status-publish","format-standard","hentry","category-primeira-pagina","tag-brasil","tag-eleicoes-2010","tag-politica"],"_links":{"self":[{"href":"https:\/\/charlespennaforte.pro.br\/index.php?rest_route=\/wp\/v2\/posts\/138","targetHints":{"allow":["GET"]}}],"collection":[{"href":"https:\/\/charlespennaforte.pro.br\/index.php?rest_route=\/wp\/v2\/posts"}],"about":[{"href":"https:\/\/charlespennaforte.pro.br\/index.php?rest_route=\/wp\/v2\/types\/post"}],"author":[{"embeddable":true,"href":"https:\/\/charlespennaforte.pro.br\/index.php?rest_route=\/wp\/v2\/users\/1"}],"replies":[{"embeddable":true,"href":"https:\/\/charlespennaforte.pro.br\/index.php?rest_route=%2Fwp%2Fv2%2Fcomments&post=138"}],"version-history":[{"count":12,"href":"https:\/\/charlespennaforte.pro.br\/index.php?rest_route=\/wp\/v2\/posts\/138\/revisions"}],"predecessor-version":[{"id":196,"href":"https:\/\/charlespennaforte.pro.br\/index.php?rest_route=\/wp\/v2\/posts\/138\/revisions\/196"}],"wp:attachment":[{"href":"https:\/\/charlespennaforte.pro.br\/index.php?rest_route=%2Fwp%2Fv2%2Fmedia&parent=138"}],"wp:term":[{"taxonomy":"category","embeddable":true,"href":"https:\/\/charlespennaforte.pro.br\/index.php?rest_route=%2Fwp%2Fv2%2Fcategories&post=138"},{"taxonomy":"post_tag","embeddable":true,"href":"https:\/\/charlespennaforte.pro.br\/index.php?rest_route=%2Fwp%2Fv2%2Ftags&post=138"}],"curies":[{"name":"wp","href":"https:\/\/api.w.org\/{rel}","templated":true}]}}