{"id":1163,"date":"2016-05-07T15:26:01","date_gmt":"2016-05-07T18:26:01","guid":{"rendered":"http:\/\/charlespennaforte.pro.br\/portal\/?p=1163"},"modified":"2016-05-07T15:29:22","modified_gmt":"2016-05-07T18:29:22","slug":"o-mercosul-e-os-seus-novos-desafios","status":"publish","type":"post","link":"https:\/\/charlespennaforte.pro.br\/?p=1163","title":{"rendered":"O Mercosul e os seus novos desafios"},"content":{"rendered":"<p>O poss\u00edvel afastamento da presidente Dilma Rousseff em decorr\u00eancia da crise pol\u00edtica brasileira, em maio de 2016, <!--more-->oferece um quadro de vari\u00e1veis a serem consideradas para o pa\u00eds at\u00e9 2018. Iremos nos deter na quest\u00e3o espec\u00edfica do MERCOSUL.<\/p>\n<p>A poss\u00edvel ascens\u00e3o do senador Jos\u00e9 Serra (PSDB) pode ocasionar uma guinada consider\u00e1vel nos rumos da pol\u00edtica externa brasileira, com reflexos sobre o MERCOSUL, caso se confirme a sua lideran\u00e7a nas rela\u00e7\u00f5es exteriores e no com\u00e9rcio exterior no governo Temer (PMDB). Aspecto que seria emblem\u00e1tico no ano em que o bloco sul-americano completa os seus vinte e cinco anos de exist\u00eancia sob severa cr\u00edtica de setores empresariais e da m\u00eddia brasileira.<\/p>\n<p>Sintom\u00e1tico que aqueles que criticam a \u201cideologia\u201d da pol\u00edtica externa dos governos petistas \u2015 como se fosse poss\u00edvel uma pol\u00edtica externa \u201ca-ideol\u00f3gica\u201d \u2015, cogitem indicar um quadro essencialmente pol\u00edtico e sem vincula\u00e7\u00e3o com a pasta (e sem conhecimento t\u00e9cnico). Deve-se lembrar que durante os governos Lula e Dilma todos os chanceleres eram diplomatas de carreira. A indica\u00e7\u00e3o de Serra traz elementos ideol\u00f3gicos controversos de um pragmatismo tecnocrata e uma inser\u00e7\u00e3o internacional subordinada.<\/p>\n<p>No curto prazo \u00e9 poss\u00edvel tra\u00e7ar um panorama importante do que representar\u00e1 a lideran\u00e7a de Jos\u00e9 Serra \u00e0 frente de uma pasta que envolva a diplomacia e o com\u00e9rcio para o MERCOSUL. Isso pode ser visualizado pelas declara\u00e7\u00f5es do senador no Senado Federal. Em mar\u00e7o de 2015, por exemplo, o senador declarou que \u201cO Mercosul foi um del\u00edrio megaloman\u00edaco, e olha que atravessou v\u00e1rios governos, que pretendeu promover uma uni\u00e3o alfandeg\u00e1ria entre Argentina, Brasil, Uruguai e Paraguai. Sabe o que \u00e9 uma uni\u00e3o alfandeg\u00e1ria? \u00c9 uma ren\u00fancia \u00e0 soberania da pol\u00edtica comercial\u201d.<\/p>\n<p>Mas \u00e0 frente disse que \u201cO Brasil est\u00e1, isoladamente, defendendo a posi\u00e7\u00e3o hoje mais ortodoxa e reacion\u00e1ria em mat\u00e9ria de com\u00e9rcio internacional. Isso s\u00f3 tem uma vantagem: exime o Itamaraty de trabalhar \u2013 opa, para o Minist\u00e9rio do Desenvolvimento e para o Itamaraty, \u00e9 uma folga, porque fazer acordos bilaterais de com\u00e9rcio d\u00e1 muito trabalho\u201d[1].<\/p>\n<p>Logicamente sabemos que a ret\u00f3rica \u00e9 importante para se alcan\u00e7ar os objetivos pol\u00edticos e que o partido pol\u00edtico do senador Jos\u00e9 Serra defende interesses pol\u00edticos e econ\u00f4micos empresariais espec\u00edficos e at\u00e9 mesmo antag\u00f4nicos, no qual o MERCOSUL n\u00e3o \u00e9 necessariamente uma prioridade.<\/p>\n<p>Certamente o fim ou o desmantelamento do MERCOSUL n\u00e3o ser\u00e1 poss\u00edvel, como o senador almeja por meio de sua ret\u00f3rica, mesmo refletindo o anseio de alguns setores empresariais, em decorr\u00eancia do n\u00edvel de institucionaliza\u00e7\u00e3o alcan\u00e7ado pelo bloco e do com\u00e9rcio durante esse primeiro quarto de s\u00e9culo. Por outro lado, tais declara\u00e7\u00f5es refletem o estado de \u00e2nimo que ser\u00e1 colocado em pr\u00e1tica no governo Temer, sob a batuta de Jos\u00e9 Serra, em rela\u00e7\u00e3o ao MERCOSUL.<\/p>\n<p>Se a din\u00e2mica comercial n\u00e3o alcan\u00e7ou os resultados esperados por alguns segmentos do empresariado brasileiro \u2015 mesmo que os dados do com\u00e9rcio intra-regional demonstrem o contr\u00e1rio \u2015 \u00e9 preciso ter em mente a dimens\u00e3o geopol\u00edtica do MERCOSUL para os interesses estrat\u00e9gicos brasileiros.<\/p>\n<p>[1]Cotado para o Itamaraty, Jos\u00e9 Serra considera Mercosul um \u2018del\u00edrio megaloman\u00edaco\u2019. http:\/\/www.brasilpost.com.br\/2016\/05\/03\/serra-mercosul-delirio_n_9829396.html 03\/05\/2016<\/p>\n<p>&nbsp;<\/p>\n<p>http:\/\/wp.ufpel.edu.br\/geomercosul\/2016\/05\/05\/analise-de-conjuntura-012016-o-mercosul-e-os-seus-novos-desafios\/<\/p>\n","protected":false},"excerpt":{"rendered":"<p>O poss\u00edvel afastamento da presidente Dilma Rousseff em decorr\u00eancia da crise pol\u00edtica brasileira, em maio de 2016,<\/p>\n","protected":false},"author":1,"featured_media":1164,"comment_status":"open","ping_status":"open","sticky":false,"template":"","format":"standard","meta":{"footnotes":""},"categories":[45,43,42],"tags":[16,7,61,10],"class_list":["post-1163","post","type-post","status-publish","format-standard","has-post-thumbnail","hentry","category-autor","category-internacional","category-politica-nacional","tag-america-latina","tag-brasil","tag-mercosul","tag-politica-externa-brasileira"],"_links":{"self":[{"href":"https:\/\/charlespennaforte.pro.br\/index.php?rest_route=\/wp\/v2\/posts\/1163","targetHints":{"allow":["GET"]}}],"collection":[{"href":"https:\/\/charlespennaforte.pro.br\/index.php?rest_route=\/wp\/v2\/posts"}],"about":[{"href":"https:\/\/charlespennaforte.pro.br\/index.php?rest_route=\/wp\/v2\/types\/post"}],"author":[{"embeddable":true,"href":"https:\/\/charlespennaforte.pro.br\/index.php?rest_route=\/wp\/v2\/users\/1"}],"replies":[{"embeddable":true,"href":"https:\/\/charlespennaforte.pro.br\/index.php?rest_route=%2Fwp%2Fv2%2Fcomments&post=1163"}],"version-history":[{"count":3,"href":"https:\/\/charlespennaforte.pro.br\/index.php?rest_route=\/wp\/v2\/posts\/1163\/revisions"}],"predecessor-version":[{"id":1167,"href":"https:\/\/charlespennaforte.pro.br\/index.php?rest_route=\/wp\/v2\/posts\/1163\/revisions\/1167"}],"wp:featuredmedia":[{"embeddable":true,"href":"https:\/\/charlespennaforte.pro.br\/index.php?rest_route=\/wp\/v2\/media\/1164"}],"wp:attachment":[{"href":"https:\/\/charlespennaforte.pro.br\/index.php?rest_route=%2Fwp%2Fv2%2Fmedia&parent=1163"}],"wp:term":[{"taxonomy":"category","embeddable":true,"href":"https:\/\/charlespennaforte.pro.br\/index.php?rest_route=%2Fwp%2Fv2%2Fcategories&post=1163"},{"taxonomy":"post_tag","embeddable":true,"href":"https:\/\/charlespennaforte.pro.br\/index.php?rest_route=%2Fwp%2Fv2%2Ftags&post=1163"}],"curies":[{"name":"wp","href":"https:\/\/api.w.org\/{rel}","templated":true}]}}